{"id":717,"date":"2020-12-17T11:26:35","date_gmt":"2020-12-17T13:26:35","guid":{"rendered":"http:\/\/www.ecodigital.org.br\/novo\/?p=717"},"modified":"2020-12-17T11:26:37","modified_gmt":"2020-12-17T13:26:37","slug":"mensagem-de-final-de-ano-palavra-do-presidente","status":"publish","type":"post","link":"https:\/\/www.ecodigital.org.br\/novo\/mensagem-de-final-de-ano-palavra-do-presidente\/","title":{"rendered":"Mensagem de final de ano Palavra do Presidente"},"content":{"rendered":"\n<p>Vamos Refletir?<br>&#8220;H\u00e1 um ano atr\u00e1s, quando est\u00e1vamos planejando as festas de final de ano, fizemos muitos planos para o futuro de 2020.<br>Reclamamos muito de 2019.<br>Reclamamos mais do que agradecemos, n\u00e3o \u00e9 verdade?<br>Da\u00ed, chegou o t\u00e3o esperado 2020!<br>Quantos sonhos e planos.<br>Quantos planejamentos e expectativas por um ano de n\u00famero par dois mil e vinte.<br>E 2020 foi um ano \u00edmpar!<br>Diferente de tudo que j\u00e1 vivemos at\u00e9 hoje!<br>Fam\u00edlias separadas, Av\u00f3s adoecendo sem ver os netos, Netos sem afagos dos av\u00f3s, Filhos longe de pai e m\u00e3e, Pai e m\u00e3e longe de seus filhos, Filhos longe de seus amigos; Partidas sem despedidas!<br>Muito choro, sem entender porque t\u00e3o r\u00e1pido!<br>Sorrisos embaixo de m\u00e1scaras, Rostos cansados, com marcas de m\u00e1scaras, M\u00e3os aflitas \u00e0 procura de \u00e1gua, sab\u00e3o e \u00e1lcool gel.<br>M\u00e9dicos e profissionais da sa\u00fade exaustos,<br>Cidades vazias, Hospitais cheios, Cemit\u00e9rios lotados de rico, pobre, velho, jovem, crian\u00e7as, negros, brancos, artistas famosos, an\u00f4nimos!<br>Gente dos quatro cantos do mundo indo para o mesmo lugar!<br>Um v\u00edrus e milh\u00f5es de sonhos cancelados;<br>Um v\u00edrus e milh\u00f5es de fam\u00edlias destru\u00eddas;<br>Um v\u00edrus e milh\u00f5es de expectativas trancadas em casas.<br>E voc\u00ea, que li\u00e7\u00e3o tirou de tudo isso?<br>J\u00e1 agradeceu por ter chegado at\u00e9 aqui?<br>Voc\u00ea entendeu a import\u00e2ncia do Agradecer?<br>Voc\u00ea entendeu a import\u00e2ncia e a falta que um abra\u00e7o faz?<br>Voc\u00ea entendeu que a sua fam\u00edlia vale muito?<br>Voc\u00ea entendeu que a gan\u00e2ncia por ganhar dinheiro n\u00e3o vale a pena?<br>Voc\u00ea entendeu que a cor da pele n\u00e3o faz diferen\u00e7a?<br>Voc\u00ea entendeu a import\u00e2ncia de viver o hoje?<br>Voc\u00ea entendeu a import\u00e2ncia de dizer &#8220;eu te amo&#8221; pra quem voc\u00ea ama agora?<br>Voc\u00ea entendeu a import\u00e2ncia de pedir perd\u00e3o a quem voc\u00ea ofendeu?<br>Voc\u00ea entendeu que bens materiais como: roupa de marca, o carro do ano e a mans\u00e3o t\u00e3o cobi\u00e7ada, nada disso voc\u00ea leva quando vai embora?<br>Voc\u00ea entendeu a import\u00e2ncia dos minutos com seus filhos?<br>Voc\u00ea sabia que muitas fam\u00edlias n\u00e3o v\u00e3o comemorar o Natal esse ano?<br>Voc\u00ea sabia que voc\u00ea \u00e9 privilegiado em ter a sua fam\u00edlia reunida neste Natal?<br>Voc\u00ea entendeu o que \u00e9 gratid\u00e3o?<br>Gratid\u00e3o \u00e9 agradecer a Deus por cada minuto vivido; Gratid\u00e3o \u00e9 ter o aconchego da fam\u00edlia;<br>\u00c9 poder respirar e sorrir sem m\u00e1scaras; Gratid\u00e3o \u00e9 poder compartilhar um abra\u00e7o entre pessoas.<br>Gratid\u00e3o \u00e9 viver o hoje intensamente; Gratid\u00e3o \u00e9 viver em harmonia! Agora eu te fa\u00e7o um convite: Vamos orar e agradecer pelo ano de 2020 e planejar menos em 2021?<br>Vamos somente orar por dias melhores?<br>Vamos aproveitar mais cada minuto ao lado de quem a gente ama?<br>Vamos reclamar menos?<br>Vamos deixar Deus conduzir \u00e0 maneira Dele?<br>Vamos refletir o que realmente importa?<br>Cada minuto vale muito, lembre-se disso!<br>Cada minuto importa!<br>A Todos colaboradores da Ong Eco Digital um 2021 de muita Reflex\u00e3o!!<br>Anisio Rosa Junior<\/p>\n","protected":false},"excerpt":{"rendered":"<p>Vamos Refletir?&#8220;H\u00e1 um ano atr\u00e1s, quando est\u00e1vamos planejando as festas de final de ano, fizemos muitos planos para o futuro de 2020.Reclamamos muito de 2019.Reclamamos mais do que agradecemos, n\u00e3o \u00e9 verdade?Da\u00ed, chegou o t\u00e3o esperado 2020!Quantos sonhos e planos.Quantos planejamentos e expectativas por um ano de n\u00famero par dois mil e vinte.E 2020 foi&#8230;<\/p>\n","protected":false},"author":1,"featured_media":718,"comment_status":"closed","ping_status":"closed","sticky":false,"template":"","format":"standard","meta":{"footnotes":""},"categories":[4],"tags":[],"class_list":["post-717","post","type-post","status-publish","format-standard","has-post-thumbnail","hentry","category-artigos"],"_links":{"self":[{"href":"https:\/\/www.ecodigital.org.br\/novo\/wp-json\/wp\/v2\/posts\/717","targetHints":{"allow":["GET"]}}],"collection":[{"href":"https:\/\/www.ecodigital.org.br\/novo\/wp-json\/wp\/v2\/posts"}],"about":[{"href":"https:\/\/www.ecodigital.org.br\/novo\/wp-json\/wp\/v2\/types\/post"}],"author":[{"embeddable":true,"href":"https:\/\/www.ecodigital.org.br\/novo\/wp-json\/wp\/v2\/users\/1"}],"replies":[{"embeddable":true,"href":"https:\/\/www.ecodigital.org.br\/novo\/wp-json\/wp\/v2\/comments?post=717"}],"version-history":[{"count":1,"href":"https:\/\/www.ecodigital.org.br\/novo\/wp-json\/wp\/v2\/posts\/717\/revisions"}],"predecessor-version":[{"id":719,"href":"https:\/\/www.ecodigital.org.br\/novo\/wp-json\/wp\/v2\/posts\/717\/revisions\/719"}],"wp:featuredmedia":[{"embeddable":true,"href":"https:\/\/www.ecodigital.org.br\/novo\/wp-json\/wp\/v2\/media\/718"}],"wp:attachment":[{"href":"https:\/\/www.ecodigital.org.br\/novo\/wp-json\/wp\/v2\/media?parent=717"}],"wp:term":[{"taxonomy":"category","embeddable":true,"href":"https:\/\/www.ecodigital.org.br\/novo\/wp-json\/wp\/v2\/categories?post=717"},{"taxonomy":"post_tag","embeddable":true,"href":"https:\/\/www.ecodigital.org.br\/novo\/wp-json\/wp\/v2\/tags?post=717"}],"curies":[{"name":"wp","href":"https:\/\/api.w.org\/{rel}","templated":true}]}}